{"id":3482,"date":"2022-10-18T18:32:34","date_gmt":"2022-10-18T15:32:34","guid":{"rendered":"https:\/\/arcrentacar.ro\/4-evenimente-pe-care-sa-nu-le-ratezi-in-octombrie-in-romania-2\/"},"modified":"2022-10-18T18:32:34","modified_gmt":"2022-10-18T15:32:34","slug":"4-evenimente-pe-care-sa-nu-le-ratezi-in-octombrie-in-romania-2","status":"publish","type":"post","link":"https:\/\/arcrentacar.ro\/en\/4-evenimente-pe-care-sa-nu-le-ratezi-in-octombrie-in-romania-2\/","title":{"rendered":"4 evenimente pe care s\u0103 nu le ratezi \u00een octombrie, \u00een Rom\u00e2nia"},"content":{"rendered":"<p>4 evenimente de top \u00een Octombrie<\/p>\n<h2>Fie c\u0103 vizitezi Rom\u00e2nia din postura de turist sau e\u0219ti rom\u00e2n care se \u00eentoarce acas\u0103 ai nevoie de o ma\u0219in\u0103 care s\u0103 te ajute s\u0103 ajungi la destina\u021bie. Dar c\u00e2nd destina\u021bia include \u0219i super evenimentele lunii octombrie atunci \u0219tii sigur c\u0103 toamna e grozav\u0103. \u021ai-am preg\u0103tit o list\u0103 cu 4 evenimente de top care au loc \u00een diverse ora\u0219e din Rom\u00e2nia \u0219i pe care nu ar trebui s\u0103 le ratezi.<\/h2>\n<p>&nbsp;<\/p>\n<p>Dup\u0103 c\u00e2\u021biva ani grei cu restric\u021bii \u0219i \u00eengrijor\u0103ri, \u00eencepem s\u0103 ne relax\u0103m \u0219i mintea s\u0103 se g\u00e2ndeasc\u0103 la c\u0103l\u0103torii. \u0218i dac\u0103 \u0219i tu e\u0219ti ca noi, atunci cu siguran\u021b\u0103 evenimentele din aceast\u0103 toamn\u0103 vor fi puse pe lista de \u201cto do\u201d.<\/p>\n<p>Avionul aterizeaz\u0103, iar echipa ARC Drive rent a car te \u00eent\u00e2mpin\u0103 cu ma\u0219ina pe care ai ales-o, chiar \u00een terminalul de sosiri. De acolo, tot ce trebuie s\u0103 faci este s\u0103 introduci destina\u021bia, s\u0103 alegi muzica preferat\u0103, iar GPS-ul te va duce s\u0103 vezi Rom\u00e2nia cu al\u021bi ochi.<\/p>\n<p>\u0218i pentru c\u0103 fiecare ora\u0219 are c\u00e2te ceva de oferit, am decis ca noi s\u0103 fim ghidul t\u0103u virtual prin multitudinea de evenimente care te vor face s\u0103 te relaxezi.<\/p>\n<h3>4 evenimente de top \u00een Octombrie<\/h3>\n<p>A\u0219adar, pune-\u021bi centura \u0219i hai s\u0103 pornim la drum!<\/p>\n<h2>1.\u00a0\u00a0\u00a0\u00a0\u00a0 Astra Film Festival \u2013 Sibiu<\/h2>\n<p>Unul din cele mai prestigioase festivaluri de film din Rom\u00e2nia, Astra Film Festival va avea loc \u00een 2022 \u00een octombrie, mai exact \u00eentre 10 \u0219i 16. Acest festival vizeaz\u0103 iubitorii de film documentar \u0219i este unul interna\u021bional.<\/p>\n<p>Cum ajungi acolo pornind de la aeroportul din Cluj-Napoca?<\/p>\n<p>Dup\u0103 ce ai parcurs pa\u0219ii de rezervare pentru ma\u0219ina dorit\u0103 de la <a href=\"https:\/\/arcrentacar.ro\/\">ARC Drive rent a car<\/a>, ai c\u00e2teva rute pe care le po\u021bi folosi. Noi te \u00eendemn\u0103m s\u0103 urci pe autostrada A1, iar \u00een aproximativ 2 ore e\u0219ti la Sibiu cu o cafea fierbinte \u00een m\u00e2n\u0103.<\/p>\n<h2>2. Dracula Film Festival \u2013 Bra\u0219ov<\/h2>\n<p>Amatorii de senza\u021bii tare cinefile sunt ruga\u021bi s\u0103-\u0219i ia sedativele la \u00eendem\u00e2n\u0103. Dac\u0103 nu ai mai fost niciodat\u0103 la acest festival al filmului horror \u00ee\u021bi spunem noi c\u0103 nu este doar despre film, ci despre \u00eentreaga cultur\u0103 care \u00eenconjoar\u0103 acest gen. \u00cen 12-16 octombrie to\u021bi cei care iubesc filmele de fantezie, comedie neagr\u0103, horror, sf sau thriller vor avea ce viziona \u00een cadrul acestui festival.<\/p>\n<p>Cum ajungi acolo din aeroportul din Cluj-Napoca?<\/p>\n<p>Preiei ma\u0219ina de la <a href=\"https:\/\/arcrentacar.ro\/flota-auto\/\">ARC Drive rent a car<\/a>, iar apoi urci pe A1 \u0219i \u00een 4 ore \u0219i c\u00e2teva minute e\u0219ti \u00een Bra\u0219ov. Dac\u0103 ai chef de senza\u021bii tari pe drum, ca \u00eenc\u0103lzire pentru festival, po\u021bi verifica \u0219i ruta care trece prin Topli\u021ba \u2013 Gheorgheni &#8211; Miercurea Ciuc &#8211; Sf. Gheorghe. E o rut\u0103 pitoreasc\u0103, foarte frumoas\u0103, dar care nu te ajut\u0103 s\u0103 economise\u0219ti timp. Cu toate astea, \u0219tii cum se spune&#8230;drumul conteaz\u0103 la fel de mult ca ajungerea la destina\u021bie.<\/p>\n<h2>3. Les Filmes de Cannes\u00a0 &#8211; Bucure\u0219ti \u0219i alte ora\u0219e<\/h2>\n<p>Evenimentul va avea loc \u00een perioada 21-30 octombrie \u0219i nu este un simplu eveniment, ci un colos al evenimentelor. Bucure\u0219ti \u0219i alte c\u00e2teva loca\u021bii din \u021bar\u0103 vor fi gazdele proiec\u021biilor de filme de referin\u021b\u0103 pe plan interna\u021bional.<\/p>\n<p>Pentru ve\u0219ti despre acest festival inedit de film va trebui s\u0103 consul\u021bi paginile de social media ale festivalului. Noi \u00ee\u021bi spunem doar c\u0103 o excursie Cluj-Bucure\u0219ti nu e nici pe departe un chin, ci o modalitate extraordinar\u0103 de a vizita Rom\u00e2nia.<\/p>\n<p>\u00ce\u021bi recomand\u0103m s\u0103 te orientezi c\u0103tre o ma\u0219in\u0103 c\u00e2t mai comod\u0103 \u0219i s\u0103 \u00ee\u021bi selectezi playlistul \u00eenainte de plecare. Pentru c\u0103 gusturile muzicale nu se discut\u0103, nu te putem ajuta cu sugestii, dar \u00ee\u021bi putem spune c\u0103 toat\u0103 luna octombrie ai discount 30% la \u00eenchirierea oric\u0103rei ma\u0219ini din flota <a href=\"https:\/\/arcrentacar.ro\/flota-auto\/\">Arc Drive rent a car<\/a>.<\/p>\n<h2>4. Turneu Alternosfera \u2013 Bucure\u0219ti, Cluj-Napoca, Timi\u0219oara, Sibiu \u0219i Bra\u0219ov<\/h2>\n<p>Pasiona\u021bii de muzic\u0103 rock alternativ trebuie s\u0103 \u0219tie c\u0103 trupa Alternosfera porne\u0219te \u00een turneu prin Rom\u00e2nia. \u00cen perioada 29 septembrie \u2013 7 noiembrie vor fi hai-hui prin cele mai mari ora\u0219e din Rom\u00e2nia.<\/p>\n<p>\u00cen func\u021bie de perioada \u00een care ajungi \u00een Cluj-Napoca e posibil s\u0103 nu fie nevoie de prea mult\u0103 plimbare pentru a-i vedea \u00een concert.<\/p>\n<p>Toamna aduce cu sine o multitudine de ocazii pentru a ne lua r\u0103mas bun de la anul care a trecut cu gra\u021bie \u0219i \u00eenc\u00e2ntare, dar \u0219i pentru a s\u0103rb\u0103tori.<\/p>\n<p>Anii ace\u0219tia ne-au reamintit c\u0103 nu e suficient s\u0103 fim prezen\u021bi prin munc\u0103 \u0219i ocazionala ie\u0219ire dac\u0103 nu ne conect\u0103m la tot ce e \u00een jurul nostru. Vacan\u021bele sunt parte din relaxarea pe care ne-o promite munca de zi cu zi, ocazie unic\u0103 de a ne desprinde \u0219i a ne re\u00eenc\u0103rca bateriile.<\/p>\n<p>Atunci c\u00e2nd alegem s\u0103 vizit\u0103m o alt\u0103 \u021bar\u0103 sau chiar s\u0103 ne vizit\u0103m propria \u021bar\u0103 o facem cu al\u021bi ochi, cei prin care descoperim \u00eenc\u00e2ntarea \u0219i ineditul. Fie c\u0103 vine sub form\u0103 de concerte, festivaluri sau plimb\u0103ri lungi organizate cum se cuvine, vacan\u021ba trebuie s\u0103 ne aduc\u0103 stare de bine.<\/p>\n<p>ARC Drive rent a car \u00ee\u0219i propune s\u0103 te ajute cu oferte de ma\u0219ini de \u00eenchiriat care-\u021bi permit s\u0103 vizitezi tot ce dore\u0219ti \u00een ritmul t\u0103u. A\u0219adar tot ce mai ai de f\u0103cut e s\u0103 intri pe <a href=\"https:\/\/arcrentacar.ro\/\">siteul nostru<\/a> \u0219i s\u0103 vezi ce \u00ee\u021bi oferim \u00een acest octombrie minunat.<\/p>\n<p>&nbsp;<\/p>\n","protected":false},"excerpt":{"rendered":"<p>4 evenimente de top \u00een Octombrie Fie c\u0103 vizitezi Rom\u00e2nia din postura de turist sau e\u0219ti rom\u00e2n care se \u00eentoarce acas\u0103 ai nevoie de o ma\u0219in\u0103 care s\u0103 te ajute s\u0103 ajungi la destina\u021bie. Dar c\u00e2nd destina\u021bia include \u0219i super evenimentele lunii octombrie atunci \u0219tii sigur c\u0103 toamna e grozav\u0103. \u021ai-am preg\u0103tit o list\u0103 cu [&hellip;]<\/p>\n","protected":false},"author":5,"featured_media":3182,"comment_status":"closed","ping_status":"closed","sticky":false,"template":"","format":"standard","meta":{"footnotes":""},"categories":[106],"tags":[],"class_list":["post-3482","post","type-post","status-publish","format-standard","has-post-thumbnail","hentry","category-noutati-en-3"],"yoast_head":"<!-- This site is optimized with the Yoast SEO plugin v27.5 - https:\/\/yoast.com\/product\/yoast-seo-wordpress\/ -->\n<title>Vizitezi Rom\u00e2nia? 4 evenimente de top care au loc \u00een Rom\u00e2nia<\/title>\n<meta name=\"description\" content=\"Vizitezi Rom\u00e2nia? Afl\u0103 care sunt cele 4 evenimente de top \u00een Octombrie pe care nu trebuie s\u0103 le ratezi. ARC Drive rent a car te \u00eent\u00e2mpin\u0103!\" \/>\n<meta name=\"robots\" content=\"index, follow, max-snippet:-1, max-image-preview:large, max-video-preview:-1\" \/>\n<link rel=\"canonical\" href=\"https:\/\/arcrentacar.ro\/en\/4-evenimente-pe-care-sa-nu-le-ratezi-in-octombrie-in-romania-2\/\" \/>\n<meta property=\"og:locale\" content=\"en_US\" \/>\n<meta property=\"og:type\" content=\"article\" \/>\n<meta property=\"og:title\" content=\"Vizitezi Rom\u00e2nia? 4 evenimente de top care au loc \u00een Rom\u00e2nia\" \/>\n<meta property=\"og:description\" content=\"Vizitezi Rom\u00e2nia? Afl\u0103 care sunt cele 4 evenimente de top \u00een Octombrie pe care nu trebuie s\u0103 le ratezi. ARC Drive rent a car te \u00eent\u00e2mpin\u0103!\" \/>\n<meta property=\"og:url\" content=\"https:\/\/arcrentacar.ro\/en\/4-evenimente-pe-care-sa-nu-le-ratezi-in-octombrie-in-romania-2\/\" \/>\n<meta property=\"og:site_name\" content=\"Arc Drive\" \/>\n<meta property=\"article:publisher\" content=\"https:\/\/www.facebook.com\/arcdriverentacar\" \/>\n<meta property=\"article:published_time\" content=\"2022-10-18T15:32:34+00:00\" \/>\n<meta property=\"og:image\" content=\"https:\/\/arcrentacar.ro\/wp-content\/uploads\/2022\/10\/Happy-Birthday-Autum-Instagram-Post.png\" \/>\n\t<meta property=\"og:image:width\" content=\"1080\" \/>\n\t<meta property=\"og:image:height\" content=\"1080\" \/>\n\t<meta property=\"og:image:type\" content=\"image\/png\" \/>\n<meta name=\"author\" content=\"chycany@yahoo.com\" \/>\n<meta name=\"twitter:card\" content=\"summary_large_image\" \/>\n<meta name=\"twitter:label1\" content=\"Written by\" \/>\n\t<meta name=\"twitter:data1\" content=\"chycany@yahoo.com\" \/>\n\t<meta name=\"twitter:label2\" content=\"Est. reading time\" \/>\n\t<meta name=\"twitter:data2\" content=\"5 minutes\" \/>\n<script type=\"application\/ld+json\" class=\"yoast-schema-graph\">{\"@context\":\"https:\\\/\\\/schema.org\",\"@graph\":[{\"@type\":\"Article\",\"@id\":\"https:\\\/\\\/arcrentacar.ro\\\/en\\\/4-evenimente-pe-care-sa-nu-le-ratezi-in-octombrie-in-romania-2\\\/#article\",\"isPartOf\":{\"@id\":\"https:\\\/\\\/arcrentacar.ro\\\/en\\\/4-evenimente-pe-care-sa-nu-le-ratezi-in-octombrie-in-romania-2\\\/\"},\"author\":{\"name\":\"chycany@yahoo.com\",\"@id\":\"https:\\\/\\\/arcrentacar.ro\\\/en\\\/#\\\/schema\\\/person\\\/a0126ea24bdbfed2283804625cae5a19\"},\"headline\":\"4 evenimente pe care s\u0103 nu le ratezi \u00een octombrie, \u00een Rom\u00e2nia\",\"datePublished\":\"2022-10-18T15:32:34+00:00\",\"mainEntityOfPage\":{\"@id\":\"https:\\\/\\\/arcrentacar.ro\\\/en\\\/4-evenimente-pe-care-sa-nu-le-ratezi-in-octombrie-in-romania-2\\\/\"},\"wordCount\":957,\"publisher\":{\"@id\":\"https:\\\/\\\/arcrentacar.ro\\\/en\\\/#organization\"},\"image\":{\"@id\":\"https:\\\/\\\/arcrentacar.ro\\\/en\\\/4-evenimente-pe-care-sa-nu-le-ratezi-in-octombrie-in-romania-2\\\/#primaryimage\"},\"thumbnailUrl\":\"https:\\\/\\\/arcrentacar.ro\\\/wp-content\\\/uploads\\\/2022\\\/10\\\/Happy-Birthday-Autum-Instagram-Post.png\",\"articleSection\":[\"Noutati\"],\"inLanguage\":\"en-US\"},{\"@type\":\"WebPage\",\"@id\":\"https:\\\/\\\/arcrentacar.ro\\\/en\\\/4-evenimente-pe-care-sa-nu-le-ratezi-in-octombrie-in-romania-2\\\/\",\"url\":\"https:\\\/\\\/arcrentacar.ro\\\/en\\\/4-evenimente-pe-care-sa-nu-le-ratezi-in-octombrie-in-romania-2\\\/\",\"name\":\"Vizitezi Rom\u00e2nia? 4 evenimente de top care au loc \u00een Rom\u00e2nia\",\"isPartOf\":{\"@id\":\"https:\\\/\\\/arcrentacar.ro\\\/en\\\/#website\"},\"primaryImageOfPage\":{\"@id\":\"https:\\\/\\\/arcrentacar.ro\\\/en\\\/4-evenimente-pe-care-sa-nu-le-ratezi-in-octombrie-in-romania-2\\\/#primaryimage\"},\"image\":{\"@id\":\"https:\\\/\\\/arcrentacar.ro\\\/en\\\/4-evenimente-pe-care-sa-nu-le-ratezi-in-octombrie-in-romania-2\\\/#primaryimage\"},\"thumbnailUrl\":\"https:\\\/\\\/arcrentacar.ro\\\/wp-content\\\/uploads\\\/2022\\\/10\\\/Happy-Birthday-Autum-Instagram-Post.png\",\"datePublished\":\"2022-10-18T15:32:34+00:00\",\"description\":\"Vizitezi Rom\u00e2nia? Afl\u0103 care sunt cele 4 evenimente de top \u00een Octombrie pe care nu trebuie s\u0103 le ratezi. ARC Drive rent a car te \u00eent\u00e2mpin\u0103!\",\"breadcrumb\":{\"@id\":\"https:\\\/\\\/arcrentacar.ro\\\/en\\\/4-evenimente-pe-care-sa-nu-le-ratezi-in-octombrie-in-romania-2\\\/#breadcrumb\"},\"inLanguage\":\"en-US\",\"potentialAction\":[{\"@type\":\"ReadAction\",\"target\":[\"https:\\\/\\\/arcrentacar.ro\\\/en\\\/4-evenimente-pe-care-sa-nu-le-ratezi-in-octombrie-in-romania-2\\\/\"]}]},{\"@type\":\"ImageObject\",\"inLanguage\":\"en-US\",\"@id\":\"https:\\\/\\\/arcrentacar.ro\\\/en\\\/4-evenimente-pe-care-sa-nu-le-ratezi-in-octombrie-in-romania-2\\\/#primaryimage\",\"url\":\"https:\\\/\\\/arcrentacar.ro\\\/wp-content\\\/uploads\\\/2022\\\/10\\\/Happy-Birthday-Autum-Instagram-Post.png\",\"contentUrl\":\"https:\\\/\\\/arcrentacar.ro\\\/wp-content\\\/uploads\\\/2022\\\/10\\\/Happy-Birthday-Autum-Instagram-Post.png\",\"width\":1080,\"height\":1080,\"caption\":\"4 evenimente de top \u00een Octombrie\"},{\"@type\":\"BreadcrumbList\",\"@id\":\"https:\\\/\\\/arcrentacar.ro\\\/en\\\/4-evenimente-pe-care-sa-nu-le-ratezi-in-octombrie-in-romania-2\\\/#breadcrumb\",\"itemListElement\":[{\"@type\":\"ListItem\",\"position\":1,\"name\":\"Prima pagin\u0103\",\"item\":\"https:\\\/\\\/arcrentacar.ro\\\/en\\\/\"},{\"@type\":\"ListItem\",\"position\":2,\"name\":\"4 evenimente pe care s\u0103 nu le ratezi \u00een octombrie, \u00een Rom\u00e2nia\"}]},{\"@type\":\"WebSite\",\"@id\":\"https:\\\/\\\/arcrentacar.ro\\\/en\\\/#website\",\"url\":\"https:\\\/\\\/arcrentacar.ro\\\/en\\\/\",\"name\":\"Arc Drive\",\"description\":\"Life is a journey, enjoy the ride!\",\"publisher\":{\"@id\":\"https:\\\/\\\/arcrentacar.ro\\\/en\\\/#organization\"},\"potentialAction\":[{\"@type\":\"SearchAction\",\"target\":{\"@type\":\"EntryPoint\",\"urlTemplate\":\"https:\\\/\\\/arcrentacar.ro\\\/en\\\/?s={search_term_string}\"},\"query-input\":{\"@type\":\"PropertyValueSpecification\",\"valueRequired\":true,\"valueName\":\"search_term_string\"}}],\"inLanguage\":\"en-US\"},{\"@type\":\"Organization\",\"@id\":\"https:\\\/\\\/arcrentacar.ro\\\/en\\\/#organization\",\"name\":\"Arc Drive\",\"url\":\"https:\\\/\\\/arcrentacar.ro\\\/en\\\/\",\"logo\":{\"@type\":\"ImageObject\",\"inLanguage\":\"en-US\",\"@id\":\"https:\\\/\\\/arcrentacar.ro\\\/en\\\/#\\\/schema\\\/logo\\\/image\\\/\",\"url\":\"https:\\\/\\\/arcrentacar.ro\\\/wp-content\\\/uploads\\\/2021\\\/05\\\/cropped-cropped-logo.png\",\"contentUrl\":\"https:\\\/\\\/arcrentacar.ro\\\/wp-content\\\/uploads\\\/2021\\\/05\\\/cropped-cropped-logo.png\",\"width\":1303,\"height\":303,\"caption\":\"Arc Drive\"},\"image\":{\"@id\":\"https:\\\/\\\/arcrentacar.ro\\\/en\\\/#\\\/schema\\\/logo\\\/image\\\/\"},\"sameAs\":[\"https:\\\/\\\/www.facebook.com\\\/arcdriverentacar\"]},{\"@type\":\"Person\",\"@id\":\"https:\\\/\\\/arcrentacar.ro\\\/en\\\/#\\\/schema\\\/person\\\/a0126ea24bdbfed2283804625cae5a19\",\"name\":\"chycany@yahoo.com\",\"image\":{\"@type\":\"ImageObject\",\"inLanguage\":\"en-US\",\"@id\":\"https:\\\/\\\/secure.gravatar.com\\\/avatar\\\/066cec4c7bec2a3f8c36d0986c5b27b00ddcd18d4683a3d290354eb1bff8646d?s=96&r=g\",\"url\":\"https:\\\/\\\/secure.gravatar.com\\\/avatar\\\/066cec4c7bec2a3f8c36d0986c5b27b00ddcd18d4683a3d290354eb1bff8646d?s=96&r=g\",\"contentUrl\":\"https:\\\/\\\/secure.gravatar.com\\\/avatar\\\/066cec4c7bec2a3f8c36d0986c5b27b00ddcd18d4683a3d290354eb1bff8646d?s=96&r=g\",\"caption\":\"chycany@yahoo.com\"},\"url\":\"https:\\\/\\\/arcrentacar.ro\\\/en\\\/author\\\/chycanyyahoo-com\\\/\"}]}<\/script>\n<!-- \/ Yoast SEO plugin. -->","yoast_head_json":{"title":"Vizitezi Rom\u00e2nia? 4 evenimente de top care au loc \u00een Rom\u00e2nia","description":"Vizitezi Rom\u00e2nia? Afl\u0103 care sunt cele 4 evenimente de top \u00een Octombrie pe care nu trebuie s\u0103 le ratezi. ARC Drive rent a car te \u00eent\u00e2mpin\u0103!","robots":{"index":"index","follow":"follow","max-snippet":"max-snippet:-1","max-image-preview":"max-image-preview:large","max-video-preview":"max-video-preview:-1"},"canonical":"https:\/\/arcrentacar.ro\/en\/4-evenimente-pe-care-sa-nu-le-ratezi-in-octombrie-in-romania-2\/","og_locale":"en_US","og_type":"article","og_title":"Vizitezi Rom\u00e2nia? 4 evenimente de top care au loc \u00een Rom\u00e2nia","og_description":"Vizitezi Rom\u00e2nia? Afl\u0103 care sunt cele 4 evenimente de top \u00een Octombrie pe care nu trebuie s\u0103 le ratezi. ARC Drive rent a car te \u00eent\u00e2mpin\u0103!","og_url":"https:\/\/arcrentacar.ro\/en\/4-evenimente-pe-care-sa-nu-le-ratezi-in-octombrie-in-romania-2\/","og_site_name":"Arc Drive","article_publisher":"https:\/\/www.facebook.com\/arcdriverentacar","article_published_time":"2022-10-18T15:32:34+00:00","og_image":[{"width":1080,"height":1080,"url":"https:\/\/arcrentacar.ro\/wp-content\/uploads\/2022\/10\/Happy-Birthday-Autum-Instagram-Post.png","type":"image\/png"}],"author":"chycany@yahoo.com","twitter_card":"summary_large_image","twitter_misc":{"Written by":"chycany@yahoo.com","Est. reading time":"5 minutes"},"schema":{"@context":"https:\/\/schema.org","@graph":[{"@type":"Article","@id":"https:\/\/arcrentacar.ro\/en\/4-evenimente-pe-care-sa-nu-le-ratezi-in-octombrie-in-romania-2\/#article","isPartOf":{"@id":"https:\/\/arcrentacar.ro\/en\/4-evenimente-pe-care-sa-nu-le-ratezi-in-octombrie-in-romania-2\/"},"author":{"name":"chycany@yahoo.com","@id":"https:\/\/arcrentacar.ro\/en\/#\/schema\/person\/a0126ea24bdbfed2283804625cae5a19"},"headline":"4 evenimente pe care s\u0103 nu le ratezi \u00een octombrie, \u00een Rom\u00e2nia","datePublished":"2022-10-18T15:32:34+00:00","mainEntityOfPage":{"@id":"https:\/\/arcrentacar.ro\/en\/4-evenimente-pe-care-sa-nu-le-ratezi-in-octombrie-in-romania-2\/"},"wordCount":957,"publisher":{"@id":"https:\/\/arcrentacar.ro\/en\/#organization"},"image":{"@id":"https:\/\/arcrentacar.ro\/en\/4-evenimente-pe-care-sa-nu-le-ratezi-in-octombrie-in-romania-2\/#primaryimage"},"thumbnailUrl":"https:\/\/arcrentacar.ro\/wp-content\/uploads\/2022\/10\/Happy-Birthday-Autum-Instagram-Post.png","articleSection":["Noutati"],"inLanguage":"en-US"},{"@type":"WebPage","@id":"https:\/\/arcrentacar.ro\/en\/4-evenimente-pe-care-sa-nu-le-ratezi-in-octombrie-in-romania-2\/","url":"https:\/\/arcrentacar.ro\/en\/4-evenimente-pe-care-sa-nu-le-ratezi-in-octombrie-in-romania-2\/","name":"Vizitezi Rom\u00e2nia? 4 evenimente de top care au loc \u00een Rom\u00e2nia","isPartOf":{"@id":"https:\/\/arcrentacar.ro\/en\/#website"},"primaryImageOfPage":{"@id":"https:\/\/arcrentacar.ro\/en\/4-evenimente-pe-care-sa-nu-le-ratezi-in-octombrie-in-romania-2\/#primaryimage"},"image":{"@id":"https:\/\/arcrentacar.ro\/en\/4-evenimente-pe-care-sa-nu-le-ratezi-in-octombrie-in-romania-2\/#primaryimage"},"thumbnailUrl":"https:\/\/arcrentacar.ro\/wp-content\/uploads\/2022\/10\/Happy-Birthday-Autum-Instagram-Post.png","datePublished":"2022-10-18T15:32:34+00:00","description":"Vizitezi Rom\u00e2nia? Afl\u0103 care sunt cele 4 evenimente de top \u00een Octombrie pe care nu trebuie s\u0103 le ratezi. ARC Drive rent a car te \u00eent\u00e2mpin\u0103!","breadcrumb":{"@id":"https:\/\/arcrentacar.ro\/en\/4-evenimente-pe-care-sa-nu-le-ratezi-in-octombrie-in-romania-2\/#breadcrumb"},"inLanguage":"en-US","potentialAction":[{"@type":"ReadAction","target":["https:\/\/arcrentacar.ro\/en\/4-evenimente-pe-care-sa-nu-le-ratezi-in-octombrie-in-romania-2\/"]}]},{"@type":"ImageObject","inLanguage":"en-US","@id":"https:\/\/arcrentacar.ro\/en\/4-evenimente-pe-care-sa-nu-le-ratezi-in-octombrie-in-romania-2\/#primaryimage","url":"https:\/\/arcrentacar.ro\/wp-content\/uploads\/2022\/10\/Happy-Birthday-Autum-Instagram-Post.png","contentUrl":"https:\/\/arcrentacar.ro\/wp-content\/uploads\/2022\/10\/Happy-Birthday-Autum-Instagram-Post.png","width":1080,"height":1080,"caption":"4 evenimente de top \u00een Octombrie"},{"@type":"BreadcrumbList","@id":"https:\/\/arcrentacar.ro\/en\/4-evenimente-pe-care-sa-nu-le-ratezi-in-octombrie-in-romania-2\/#breadcrumb","itemListElement":[{"@type":"ListItem","position":1,"name":"Prima pagin\u0103","item":"https:\/\/arcrentacar.ro\/en\/"},{"@type":"ListItem","position":2,"name":"4 evenimente pe care s\u0103 nu le ratezi \u00een octombrie, \u00een Rom\u00e2nia"}]},{"@type":"WebSite","@id":"https:\/\/arcrentacar.ro\/en\/#website","url":"https:\/\/arcrentacar.ro\/en\/","name":"Arc Drive","description":"Life is a journey, enjoy the ride!","publisher":{"@id":"https:\/\/arcrentacar.ro\/en\/#organization"},"potentialAction":[{"@type":"SearchAction","target":{"@type":"EntryPoint","urlTemplate":"https:\/\/arcrentacar.ro\/en\/?s={search_term_string}"},"query-input":{"@type":"PropertyValueSpecification","valueRequired":true,"valueName":"search_term_string"}}],"inLanguage":"en-US"},{"@type":"Organization","@id":"https:\/\/arcrentacar.ro\/en\/#organization","name":"Arc Drive","url":"https:\/\/arcrentacar.ro\/en\/","logo":{"@type":"ImageObject","inLanguage":"en-US","@id":"https:\/\/arcrentacar.ro\/en\/#\/schema\/logo\/image\/","url":"https:\/\/arcrentacar.ro\/wp-content\/uploads\/2021\/05\/cropped-cropped-logo.png","contentUrl":"https:\/\/arcrentacar.ro\/wp-content\/uploads\/2021\/05\/cropped-cropped-logo.png","width":1303,"height":303,"caption":"Arc Drive"},"image":{"@id":"https:\/\/arcrentacar.ro\/en\/#\/schema\/logo\/image\/"},"sameAs":["https:\/\/www.facebook.com\/arcdriverentacar"]},{"@type":"Person","@id":"https:\/\/arcrentacar.ro\/en\/#\/schema\/person\/a0126ea24bdbfed2283804625cae5a19","name":"chycany@yahoo.com","image":{"@type":"ImageObject","inLanguage":"en-US","@id":"https:\/\/secure.gravatar.com\/avatar\/066cec4c7bec2a3f8c36d0986c5b27b00ddcd18d4683a3d290354eb1bff8646d?s=96&r=g","url":"https:\/\/secure.gravatar.com\/avatar\/066cec4c7bec2a3f8c36d0986c5b27b00ddcd18d4683a3d290354eb1bff8646d?s=96&r=g","contentUrl":"https:\/\/secure.gravatar.com\/avatar\/066cec4c7bec2a3f8c36d0986c5b27b00ddcd18d4683a3d290354eb1bff8646d?s=96&r=g","caption":"chycany@yahoo.com"},"url":"https:\/\/arcrentacar.ro\/en\/author\/chycanyyahoo-com\/"}]}},"_links":{"self":[{"href":"https:\/\/arcrentacar.ro\/en\/wp-json\/wp\/v2\/posts\/3482","targetHints":{"allow":["GET"]}}],"collection":[{"href":"https:\/\/arcrentacar.ro\/en\/wp-json\/wp\/v2\/posts"}],"about":[{"href":"https:\/\/arcrentacar.ro\/en\/wp-json\/wp\/v2\/types\/post"}],"author":[{"embeddable":true,"href":"https:\/\/arcrentacar.ro\/en\/wp-json\/wp\/v2\/users\/5"}],"replies":[{"embeddable":true,"href":"https:\/\/arcrentacar.ro\/en\/wp-json\/wp\/v2\/comments?post=3482"}],"version-history":[{"count":0,"href":"https:\/\/arcrentacar.ro\/en\/wp-json\/wp\/v2\/posts\/3482\/revisions"}],"wp:featuredmedia":[{"embeddable":true,"href":"https:\/\/arcrentacar.ro\/en\/wp-json\/wp\/v2\/media\/3182"}],"wp:attachment":[{"href":"https:\/\/arcrentacar.ro\/en\/wp-json\/wp\/v2\/media?parent=3482"}],"wp:term":[{"taxonomy":"category","embeddable":true,"href":"https:\/\/arcrentacar.ro\/en\/wp-json\/wp\/v2\/categories?post=3482"},{"taxonomy":"post_tag","embeddable":true,"href":"https:\/\/arcrentacar.ro\/en\/wp-json\/wp\/v2\/tags?post=3482"}],"curies":[{"name":"wp","href":"https:\/\/api.w.org\/{rel}","templated":true}]}}